{"id":17528,"date":"2024-06-13T00:00:00","date_gmt":"2024-06-13T03:00:00","guid":{"rendered":"http:\/\/atsalaplata.org.ar\/web\/?p=17528"},"modified":"2024-07-10T12:04:41","modified_gmt":"2024-07-10T15:04:41","slug":"dia-mundial-del-cancer-de-piel-2","status":"publish","type":"post","link":"http:\/\/atsalaplata.org.ar\/web\/2024\/06\/dia-mundial-del-cancer-de-piel-2\/","title":{"rendered":"D\u00eda Mundial del C\u00e1ncer de Piel"},"content":{"rendered":"\n<p><img loading=\"lazy\" decoding=\"async\" height=\"16\" width=\"16\" alt=\"\ud83c\udf97\" src=\"https:\/\/static.xx.fbcdn.net\/images\/emoji.php\/v9\/t29\/1\/16\/1f397.png\">Cada 13 de junio se conmemora el D\u00eda Mundial del C\u00e1ncer de Piel, con el fin de concientizar sobre la importancia del cuidado y la prevenci\u00f3n de tumores cut\u00e1neos.<\/p>\n\n\n\n<p>Es uno de los tipos de c\u00e1ncer m\u00e1s frecuentes y el principal factor de riesgo es la sobreexposici\u00f3n al sol.<\/p>\n\n\n\n<p>Existen tres tipos de c\u00e1ncer de piel: el melanoma, el escamocelular y el basocelular.<\/p>\n\n\n\n<p><a><\/a>Estos dos \u00faltimos son los m\u00e1s frecuentes, en la mayor\u00eda de las ocasiones se detectan en etapas tempranas y se curan solamente con su resecci\u00f3n, es decir, mediante una intervenci\u00f3n quir\u00fargica en la que se remueve el tejido afectado.<\/p>\n","protected":false},"excerpt":{"rendered":"<p>Cada 13 de junio se conmemora el D\u00eda Mundial del C\u00e1ncer de Piel, con el&#8230;<\/p>\n","protected":false},"author":2,"featured_media":17529,"comment_status":"closed","ping_status":"open","sticky":false,"template":"","format":"standard","meta":{"footnotes":""},"categories":[81,97,85],"tags":[],"class_list":["post-17528","post","type-post","status-publish","format-standard","has-post-thumbnail","hentry","category-salud","category-sec-de-cultura","category-sec-de-prensa"],"_links":{"self":[{"href":"http:\/\/atsalaplata.org.ar\/web\/wp-json\/wp\/v2\/posts\/17528","targetHints":{"allow":["GET"]}}],"collection":[{"href":"http:\/\/atsalaplata.org.ar\/web\/wp-json\/wp\/v2\/posts"}],"about":[{"href":"http:\/\/atsalaplata.org.ar\/web\/wp-json\/wp\/v2\/types\/post"}],"author":[{"embeddable":true,"href":"http:\/\/atsalaplata.org.ar\/web\/wp-json\/wp\/v2\/users\/2"}],"replies":[{"embeddable":true,"href":"http:\/\/atsalaplata.org.ar\/web\/wp-json\/wp\/v2\/comments?post=17528"}],"version-history":[{"count":1,"href":"http:\/\/atsalaplata.org.ar\/web\/wp-json\/wp\/v2\/posts\/17528\/revisions"}],"predecessor-version":[{"id":17530,"href":"http:\/\/atsalaplata.org.ar\/web\/wp-json\/wp\/v2\/posts\/17528\/revisions\/17530"}],"wp:featuredmedia":[{"embeddable":true,"href":"http:\/\/atsalaplata.org.ar\/web\/wp-json\/wp\/v2\/media\/17529"}],"wp:attachment":[{"href":"http:\/\/atsalaplata.org.ar\/web\/wp-json\/wp\/v2\/media?parent=17528"}],"wp:term":[{"taxonomy":"category","embeddable":true,"href":"http:\/\/atsalaplata.org.ar\/web\/wp-json\/wp\/v2\/categories?post=17528"},{"taxonomy":"post_tag","embeddable":true,"href":"http:\/\/atsalaplata.org.ar\/web\/wp-json\/wp\/v2\/tags?post=17528"}],"curies":[{"name":"wp","href":"https:\/\/api.w.org\/{rel}","templated":true}]}}