{"id":16348,"date":"2023-11-17T00:00:00","date_gmt":"2023-11-17T03:00:00","guid":{"rendered":"http:\/\/atsalaplata.org.ar\/web\/?p=16348"},"modified":"2023-11-22T09:21:44","modified_gmt":"2023-11-22T12:21:44","slug":"dia-de-la-militancia-3","status":"publish","type":"post","link":"http:\/\/atsalaplata.org.ar\/web\/2023\/11\/dia-de-la-militancia-3\/","title":{"rendered":"D\u00eda de la Militancia"},"content":{"rendered":"\n<p class=\"wp-block-paragraph\">\u00a1Feliz d\u00eda del\/la militante compa\u00f1eros y compa\u00f1eras!<\/p>\n\n\n\n<p class=\"wp-block-paragraph\">Gracias por el esp\u00edritu y la fuerza de la militancia presente en cada bandera, en cada establecimiento y en cada lucha.<\/p>\n\n\n\n<p class=\"wp-block-paragraph\">El peronismo brinda homenaje este 17 de noviembre al General Juan Domingo Per\u00f3n y a la resistencia del movimiento justicialista en los casi 20 a\u00f1os en que fue proscripto.<\/p>\n","protected":false},"excerpt":{"rendered":"<p>\u00a1Feliz d\u00eda del\/la militante compa\u00f1eros y compa\u00f1eras! Gracias por el esp\u00edritu y la fuerza de&#8230;<\/p>\n","protected":false},"author":2,"featured_media":16350,"comment_status":"closed","ping_status":"open","sticky":false,"template":"","format":"standard","meta":{"footnotes":""},"categories":[146,98,147,85,148],"tags":[],"class_list":["post-16348","post","type-post","status-publish","format-standard","has-post-thumbnail","hentry","category-destacado","category-home","category-novedades","category-sec-de-prensa","category-ultimas-noticias"],"_links":{"self":[{"href":"http:\/\/atsalaplata.org.ar\/web\/wp-json\/wp\/v2\/posts\/16348","targetHints":{"allow":["GET"]}}],"collection":[{"href":"http:\/\/atsalaplata.org.ar\/web\/wp-json\/wp\/v2\/posts"}],"about":[{"href":"http:\/\/atsalaplata.org.ar\/web\/wp-json\/wp\/v2\/types\/post"}],"author":[{"embeddable":true,"href":"http:\/\/atsalaplata.org.ar\/web\/wp-json\/wp\/v2\/users\/2"}],"replies":[{"embeddable":true,"href":"http:\/\/atsalaplata.org.ar\/web\/wp-json\/wp\/v2\/comments?post=16348"}],"version-history":[{"count":1,"href":"http:\/\/atsalaplata.org.ar\/web\/wp-json\/wp\/v2\/posts\/16348\/revisions"}],"predecessor-version":[{"id":16351,"href":"http:\/\/atsalaplata.org.ar\/web\/wp-json\/wp\/v2\/posts\/16348\/revisions\/16351"}],"wp:featuredmedia":[{"embeddable":true,"href":"http:\/\/atsalaplata.org.ar\/web\/wp-json\/wp\/v2\/media\/16350"}],"wp:attachment":[{"href":"http:\/\/atsalaplata.org.ar\/web\/wp-json\/wp\/v2\/media?parent=16348"}],"wp:term":[{"taxonomy":"category","embeddable":true,"href":"http:\/\/atsalaplata.org.ar\/web\/wp-json\/wp\/v2\/categories?post=16348"},{"taxonomy":"post_tag","embeddable":true,"href":"http:\/\/atsalaplata.org.ar\/web\/wp-json\/wp\/v2\/tags?post=16348"}],"curies":[{"name":"wp","href":"https:\/\/api.w.org\/{rel}","templated":true}]}}