{"id":12442,"date":"2022-07-26T13:06:51","date_gmt":"2022-07-26T13:06:51","guid":{"rendered":"http:\/\/www.atsalaplata.org.ar\/web\/?p=12442"},"modified":"2022-07-26T13:06:51","modified_gmt":"2022-07-26T13:06:51","slug":"aniversario-del-fallecimiento-de-eva-duarte","status":"publish","type":"post","link":"http:\/\/atsalaplata.org.ar\/web\/2022\/07\/aniversario-del-fallecimiento-de-eva-duarte\/","title":{"rendered":"Aniversario del Fallecimiento de Eva Duarte"},"content":{"rendered":"<div class=\"kvgmc6g5 cxmmr5t8 oygrvhab hcukyx3x c1et5uql ii04i59q\">\n<div dir=\"auto\">Hoy recordamos a Eva Per\u00f3n en un nuevo aniversario de su fallecimiento.<\/div>\n<\/div>\n<div class=\"cxmmr5t8 oygrvhab hcukyx3x c1et5uql o9v6fnle ii04i59q\">\n<div dir=\"auto\">\u201cQueremos el bienestar de los trabajadores, la dignificaci\u00f3n de los humildes y la grandeza de esta patria que Per\u00f3n nos ha dado y que todos debemos defender como la m\u00e1s justa, la m\u00e1s libre y la m\u00e1s soberana de la Tierra\u201d.<\/div>\n<\/div>\n","protected":false},"excerpt":{"rendered":"<p>Hoy recordamos a Eva Per\u00f3n en un nuevo aniversario de su fallecimiento. \u201cQueremos el bienestar&#8230;<\/p>\n","protected":false},"author":2,"featured_media":0,"comment_status":"closed","ping_status":"closed","sticky":false,"template":"","format":"gallery","meta":{"footnotes":""},"categories":[97],"tags":[],"class_list":["post-12442","post","type-post","status-publish","format-gallery","hentry","category-sec-de-cultura","post_format-post-format-gallery"],"_links":{"self":[{"href":"http:\/\/atsalaplata.org.ar\/web\/wp-json\/wp\/v2\/posts\/12442","targetHints":{"allow":["GET"]}}],"collection":[{"href":"http:\/\/atsalaplata.org.ar\/web\/wp-json\/wp\/v2\/posts"}],"about":[{"href":"http:\/\/atsalaplata.org.ar\/web\/wp-json\/wp\/v2\/types\/post"}],"author":[{"embeddable":true,"href":"http:\/\/atsalaplata.org.ar\/web\/wp-json\/wp\/v2\/users\/2"}],"replies":[{"embeddable":true,"href":"http:\/\/atsalaplata.org.ar\/web\/wp-json\/wp\/v2\/comments?post=12442"}],"version-history":[{"count":1,"href":"http:\/\/atsalaplata.org.ar\/web\/wp-json\/wp\/v2\/posts\/12442\/revisions"}],"predecessor-version":[{"id":12444,"href":"http:\/\/atsalaplata.org.ar\/web\/wp-json\/wp\/v2\/posts\/12442\/revisions\/12444"}],"wp:attachment":[{"href":"http:\/\/atsalaplata.org.ar\/web\/wp-json\/wp\/v2\/media?parent=12442"}],"wp:term":[{"taxonomy":"category","embeddable":true,"href":"http:\/\/atsalaplata.org.ar\/web\/wp-json\/wp\/v2\/categories?post=12442"},{"taxonomy":"post_tag","embeddable":true,"href":"http:\/\/atsalaplata.org.ar\/web\/wp-json\/wp\/v2\/tags?post=12442"}],"curies":[{"name":"wp","href":"https:\/\/api.w.org\/{rel}","templated":true}]}}