{"id":12394,"date":"2022-07-12T13:46:30","date_gmt":"2022-07-12T13:46:30","guid":{"rendered":"http:\/\/www.atsalaplata.org.ar\/web\/?p=12394"},"modified":"2022-07-12T13:46:30","modified_gmt":"2022-07-12T13:46:30","slug":"se-llevo-adelante-un-conversatorio-interdisciplinario-en-atsa-la-plata","status":"publish","type":"post","link":"http:\/\/atsalaplata.org.ar\/web\/2022\/07\/se-llevo-adelante-un-conversatorio-interdisciplinario-en-atsa-la-plata\/","title":{"rendered":"Se llev\u00f3 adelante un Conversatorio interdisciplinario en ATSA La Plata"},"content":{"rendered":"<div class=\"cxmmr5t8 oygrvhab hcukyx3x c1et5uql o9v6fnle ii04i59q\">\n<div dir=\"auto\">Como parte de las charlas que se vienen desarrollando en nuestro gremio sobre la tem\u00e1tica de la violencia que afecta directamente a los y las trabajadoras, se realiz\u00f3 una jornada con una mesa multisectorial donde distintos especialistas contaron sus experiencias y dieron un panorama situacional de c\u00f3mo funcionan los espacios donde se atienden y se hacen seguimientos de casos de violencia y aportaron herramientas para su abordaje.<\/div>\n<div dir=\"auto\"><\/div>\n<\/div>\n<div class=\"cxmmr5t8 oygrvhab hcukyx3x c1et5uql o9v6fnle ii04i59q\">\n<div dir=\"auto\">Nuestro Secretario adjunto, Ricardo Padr\u00f3n y nuestra Secretaria de la Mujer, Karina Rodr\u00edguez dieron sus palabras de apertura y presentaron a las y los expositores del evento: la Prof. Claudia Carpintero, Secretaria Gral Red Provincial por Mujeres Libres de Violencias, N\u00e9stor Arti\u00f1ano, Decano de la Facultad de Trabajo Social de la UNLP, el Dr Hugo Adrian Rondina, Juez de Familia, la Dra Mar\u00eda Paz Bertero, la Secretaria General de Presidencia de la C\u00e1mara de Diputados de la PBA y la Dra Luc\u00eda Ia\u00f1ez, Diputada Provincial por el Frente de Todos.<\/div>\n<div dir=\"auto\"><\/div>\n<\/div>\n<div class=\"cxmmr5t8 oygrvhab hcukyx3x c1et5uql o9v6fnle ii04i59q\">\n<div dir=\"auto\">El Conversatorio gir\u00f3 en torno al eje de la intervenci\u00f3n interdisciplinaria frente a situaciones de violencia de g\u00e9nero y violencia laboral. Para esto se dieron algunos marcos te\u00f3ricos de la problem\u00e1tica y se analizaron las estrategias que se plantean desde el sector p\u00fablico y tambi\u00e9n hacia el sector privado.<\/div>\n<div dir=\"auto\"><\/div>\n<\/div>\n<div class=\"cxmmr5t8 oygrvhab hcukyx3x c1et5uql o9v6fnle ii04i59q\">\n<div dir=\"auto\">Estuvieron presentes en el Sal\u00f3n Auditorio, miembros del Consejo Directivo del Sindicato, delegadas, delegados, trabajadores, militantes y referentes de organizaciones y sindicatos; SOSBA, ATULP, La Fraternidad, Juventud Sindical, Fundaci\u00f3n Fudeso y Salud P\u00fablica y, desde la plataforma zoom, pudieron seguir en vivo la charla, la Secretaria de G\u00e9nero de la FATSA; M\u00f3nica Chungo, representantes de ATSA Entre R\u00edos, Tucum\u00e1n, La Pampa, Santa F\u00e9, Salta, de la Red Provincial por Mujeres Libres de Violencias de Lan\u00fas y de San Vicente, y Secretarias Generales de ATSA de todas las localidades del interior de la provincia de Buenos Aires, entre otros.<\/div>\n<\/div>\n","protected":false},"excerpt":{"rendered":"<p>Como parte de las charlas que se vienen desarrollando en nuestro gremio sobre la tem\u00e1tica&#8230;<\/p>\n","protected":false},"author":2,"featured_media":0,"comment_status":"closed","ping_status":"closed","sticky":false,"template":"","format":"gallery","meta":{"footnotes":""},"categories":[1],"tags":[],"class_list":["post-12394","post","type-post","status-publish","format-gallery","hentry","category-sin-categoria","post_format-post-format-gallery"],"_links":{"self":[{"href":"http:\/\/atsalaplata.org.ar\/web\/wp-json\/wp\/v2\/posts\/12394","targetHints":{"allow":["GET"]}}],"collection":[{"href":"http:\/\/atsalaplata.org.ar\/web\/wp-json\/wp\/v2\/posts"}],"about":[{"href":"http:\/\/atsalaplata.org.ar\/web\/wp-json\/wp\/v2\/types\/post"}],"author":[{"embeddable":true,"href":"http:\/\/atsalaplata.org.ar\/web\/wp-json\/wp\/v2\/users\/2"}],"replies":[{"embeddable":true,"href":"http:\/\/atsalaplata.org.ar\/web\/wp-json\/wp\/v2\/comments?post=12394"}],"version-history":[{"count":1,"href":"http:\/\/atsalaplata.org.ar\/web\/wp-json\/wp\/v2\/posts\/12394\/revisions"}],"predecessor-version":[{"id":12409,"href":"http:\/\/atsalaplata.org.ar\/web\/wp-json\/wp\/v2\/posts\/12394\/revisions\/12409"}],"wp:attachment":[{"href":"http:\/\/atsalaplata.org.ar\/web\/wp-json\/wp\/v2\/media?parent=12394"}],"wp:term":[{"taxonomy":"category","embeddable":true,"href":"http:\/\/atsalaplata.org.ar\/web\/wp-json\/wp\/v2\/categories?post=12394"},{"taxonomy":"post_tag","embeddable":true,"href":"http:\/\/atsalaplata.org.ar\/web\/wp-json\/wp\/v2\/tags?post=12394"}],"curies":[{"name":"wp","href":"https:\/\/api.w.org\/{rel}","templated":true}]}}