{"id":12299,"date":"2022-06-10T13:08:59","date_gmt":"2022-06-10T13:08:59","guid":{"rendered":"http:\/\/www.atsalaplata.org.ar\/web\/?p=12299"},"modified":"2022-06-10T13:10:56","modified_gmt":"2022-06-10T13:10:56","slug":"dia-de-la-seguridad-vial","status":"publish","type":"post","link":"http:\/\/atsalaplata.org.ar\/web\/2022\/06\/dia-de-la-seguridad-vial\/","title":{"rendered":"D\u00eda de la Seguridad Vial"},"content":{"rendered":"<p>Hoy es el D\u00eda de la Seguridad Vial, una jornada para reflexionar sobre el respeto de las normas de tr\u00e1nsito para lograr una mejor convivencia, as\u00ed como recalcar la importancia de contar con pol\u00edticas p\u00fablicas al respecto.<br \/>\nLa fecha recuerda el d\u00eda que cambi\u00f3 el sentido de circulaci\u00f3n de veh\u00edculos en nuestro pa\u00eds, cuando se pas\u00f3 de manejar por la izquierda a hacerlo por la derecha.<\/p>\n","protected":false},"excerpt":{"rendered":"<p>Hoy es el D\u00eda de la Seguridad Vial, una jornada para reflexionar sobre el respeto&#8230;<\/p>\n","protected":false},"author":2,"featured_media":0,"comment_status":"closed","ping_status":"closed","sticky":false,"template":"","format":"gallery","meta":{"footnotes":""},"categories":[97],"tags":[],"class_list":["post-12299","post","type-post","status-publish","format-gallery","hentry","category-sec-de-cultura","post_format-post-format-gallery"],"_links":{"self":[{"href":"http:\/\/atsalaplata.org.ar\/web\/wp-json\/wp\/v2\/posts\/12299","targetHints":{"allow":["GET"]}}],"collection":[{"href":"http:\/\/atsalaplata.org.ar\/web\/wp-json\/wp\/v2\/posts"}],"about":[{"href":"http:\/\/atsalaplata.org.ar\/web\/wp-json\/wp\/v2\/types\/post"}],"author":[{"embeddable":true,"href":"http:\/\/atsalaplata.org.ar\/web\/wp-json\/wp\/v2\/users\/2"}],"replies":[{"embeddable":true,"href":"http:\/\/atsalaplata.org.ar\/web\/wp-json\/wp\/v2\/comments?post=12299"}],"version-history":[{"count":1,"href":"http:\/\/atsalaplata.org.ar\/web\/wp-json\/wp\/v2\/posts\/12299\/revisions"}],"predecessor-version":[{"id":12301,"href":"http:\/\/atsalaplata.org.ar\/web\/wp-json\/wp\/v2\/posts\/12299\/revisions\/12301"}],"wp:attachment":[{"href":"http:\/\/atsalaplata.org.ar\/web\/wp-json\/wp\/v2\/media?parent=12299"}],"wp:term":[{"taxonomy":"category","embeddable":true,"href":"http:\/\/atsalaplata.org.ar\/web\/wp-json\/wp\/v2\/categories?post=12299"},{"taxonomy":"post_tag","embeddable":true,"href":"http:\/\/atsalaplata.org.ar\/web\/wp-json\/wp\/v2\/tags?post=12299"}],"curies":[{"name":"wp","href":"https:\/\/api.w.org\/{rel}","templated":true}]}}