{"id":10287,"date":"2019-12-17T15:21:10","date_gmt":"2019-12-17T15:21:10","guid":{"rendered":"http:\/\/www.atsalaplata.org.ar\/web\/?p=10287"},"modified":"2019-12-17T15:21:26","modified_gmt":"2019-12-17T15:21:26","slug":"egresados-2019","status":"publish","type":"post","link":"http:\/\/atsalaplata.org.ar\/web\/2019\/12\/egresados-2019\/","title":{"rendered":"Egresados 2019"},"content":{"rendered":"\n<p>Se llev\u00f3 a cabo la entrega de certificados a los egresados del Post t\u00edtulo de especializaci\u00f3n en salud mental de Enfermer\u00eda y a los nuevos Profesionales de Enfermer\u00eda de ATSA La Plata Promoci\u00f3n 2019.<br>El acto estuvo a cargo de nuestro Secretario General Pedro F. Borgini, el Sec.  de Capacitaci\u00f3n Osvaldo Franchi, el Dr. Gustavo Marin titular de c\u00e1tedra de la Facultad de medicina de la UNLP, la coordinadora docente de la Carrera de Enfermer\u00eda Lic. Liliana Meneses y la Lic. Patricia Mansi de MEP.<br>Se cont\u00f3 con la presencia de integrantes del Consejo Directivo, cuerpo de Delegados,  cuerpo docente de ATSA La Plata, autoridades de MEP, afiliados y familia de nuestros egresados.<br>Felicitaciones!!! <\/p>\n\n\n\n<ul class=\"wp-block-gallery columns-3 is-cropped wp-block-gallery-1 is-layout-flex wp-block-gallery-is-layout-flex\"><li class=\"blocks-gallery-item\"><figure><img loading=\"lazy\" decoding=\"async\" width=\"1024\" height=\"1024\" src=\"http:\/\/www.atsalaplata.org.ar\/web\/wp-content\/uploads\/2019\/12\/79532321_2742060075817469_1541017678641102848_o-1024x1024.jpg\" alt=\"\" data-id=\"10288\" data-link=\"http:\/\/www.atsalaplata.org.ar\/web\/?attachment_id=10288\" class=\"wp-image-10288\" srcset=\"http:\/\/atsalaplata.org.ar\/web\/wp-content\/uploads\/2019\/12\/79532321_2742060075817469_1541017678641102848_o-1024x1024.jpg 1024w, http:\/\/atsalaplata.org.ar\/web\/wp-content\/uploads\/2019\/12\/79532321_2742060075817469_1541017678641102848_o-150x150.jpg 150w, http:\/\/atsalaplata.org.ar\/web\/wp-content\/uploads\/2019\/12\/79532321_2742060075817469_1541017678641102848_o-300x300.jpg 300w\" sizes=\"auto, (max-width: 1024px) 100vw, 1024px\" \/><\/figure><\/li><li class=\"blocks-gallery-item\"><figure><img loading=\"lazy\" decoding=\"async\" width=\"1024\" height=\"1024\" src=\"http:\/\/www.atsalaplata.org.ar\/web\/wp-content\/uploads\/2019\/12\/79971282_2742059472484196_8800186143220957184_o-1024x1024.jpg\" alt=\"\" data-id=\"10289\" data-link=\"http:\/\/www.atsalaplata.org.ar\/web\/?attachment_id=10289\" class=\"wp-image-10289\" srcset=\"http:\/\/atsalaplata.org.ar\/web\/wp-content\/uploads\/2019\/12\/79971282_2742059472484196_8800186143220957184_o-1024x1024.jpg 1024w, http:\/\/atsalaplata.org.ar\/web\/wp-content\/uploads\/2019\/12\/79971282_2742059472484196_8800186143220957184_o-150x150.jpg 150w, http:\/\/atsalaplata.org.ar\/web\/wp-content\/uploads\/2019\/12\/79971282_2742059472484196_8800186143220957184_o-300x300.jpg 300w\" sizes=\"auto, (max-width: 1024px) 100vw, 1024px\" \/><\/figure><\/li><li class=\"blocks-gallery-item\"><figure><img loading=\"lazy\" decoding=\"async\" width=\"1024\" height=\"1024\" src=\"http:\/\/www.atsalaplata.org.ar\/web\/wp-content\/uploads\/2019\/12\/79638816_2742059295817547_8504778455810834432_o-1024x1024.jpg\" alt=\"\" data-id=\"10290\" data-link=\"http:\/\/www.atsalaplata.org.ar\/web\/?attachment_id=10290\" class=\"wp-image-10290\" srcset=\"http:\/\/atsalaplata.org.ar\/web\/wp-content\/uploads\/2019\/12\/79638816_2742059295817547_8504778455810834432_o-1024x1024.jpg 1024w, http:\/\/atsalaplata.org.ar\/web\/wp-content\/uploads\/2019\/12\/79638816_2742059295817547_8504778455810834432_o-150x150.jpg 150w, http:\/\/atsalaplata.org.ar\/web\/wp-content\/uploads\/2019\/12\/79638816_2742059295817547_8504778455810834432_o-300x300.jpg 300w\" sizes=\"auto, (max-width: 1024px) 100vw, 1024px\" \/><\/figure><\/li><li class=\"blocks-gallery-item\"><figure><img loading=\"lazy\" decoding=\"async\" width=\"1024\" height=\"1024\" src=\"http:\/\/www.atsalaplata.org.ar\/web\/wp-content\/uploads\/2019\/12\/79521758_2742059205817556_2282760313071730688_o-1024x1024.jpg\" alt=\"\" data-id=\"10291\" data-link=\"http:\/\/www.atsalaplata.org.ar\/web\/?attachment_id=10291\" class=\"wp-image-10291\" srcset=\"http:\/\/atsalaplata.org.ar\/web\/wp-content\/uploads\/2019\/12\/79521758_2742059205817556_2282760313071730688_o-1024x1024.jpg 1024w, http:\/\/atsalaplata.org.ar\/web\/wp-content\/uploads\/2019\/12\/79521758_2742059205817556_2282760313071730688_o-150x150.jpg 150w, http:\/\/atsalaplata.org.ar\/web\/wp-content\/uploads\/2019\/12\/79521758_2742059205817556_2282760313071730688_o-300x300.jpg 300w\" sizes=\"auto, (max-width: 1024px) 100vw, 1024px\" \/><\/figure><\/li><li class=\"blocks-gallery-item\"><figure><img loading=\"lazy\" decoding=\"async\" width=\"1024\" height=\"1024\" src=\"http:\/\/www.atsalaplata.org.ar\/web\/wp-content\/uploads\/2019\/12\/79946425_2742059225817554_6017860634715095040_o-1024x1024.jpg\" alt=\"\" data-id=\"10292\" data-link=\"http:\/\/www.atsalaplata.org.ar\/web\/?attachment_id=10292\" class=\"wp-image-10292\" srcset=\"http:\/\/atsalaplata.org.ar\/web\/wp-content\/uploads\/2019\/12\/79946425_2742059225817554_6017860634715095040_o-1024x1024.jpg 1024w, http:\/\/atsalaplata.org.ar\/web\/wp-content\/uploads\/2019\/12\/79946425_2742059225817554_6017860634715095040_o-150x150.jpg 150w, http:\/\/atsalaplata.org.ar\/web\/wp-content\/uploads\/2019\/12\/79946425_2742059225817554_6017860634715095040_o-300x300.jpg 300w\" sizes=\"auto, (max-width: 1024px) 100vw, 1024px\" \/><\/figure><\/li><\/ul>\n","protected":false},"excerpt":{"rendered":"<p>Se llev\u00f3 a cabo la entrega de certificados a los egresados del Post t\u00edtulo de especializaci\u00f3n en salud mental de Enfermer\u00eda y a los nuevos Profesionales de Enfermer\u00eda de ATSA La Plata Promoci\u00f3n 2019&#8230;VER M\u00c1S<\/p>\n","protected":false},"author":2,"featured_media":10293,"comment_status":"closed","ping_status":"closed","sticky":false,"template":"","format":"standard","meta":{"footnotes":""},"categories":[98,84,85],"tags":[],"class_list":["post-10287","post","type-post","status-publish","format-standard","has-post-thumbnail","hentry","category-home","category-sec-capacitacion","category-sec-de-prensa"],"_links":{"self":[{"href":"http:\/\/atsalaplata.org.ar\/web\/wp-json\/wp\/v2\/posts\/10287","targetHints":{"allow":["GET"]}}],"collection":[{"href":"http:\/\/atsalaplata.org.ar\/web\/wp-json\/wp\/v2\/posts"}],"about":[{"href":"http:\/\/atsalaplata.org.ar\/web\/wp-json\/wp\/v2\/types\/post"}],"author":[{"embeddable":true,"href":"http:\/\/atsalaplata.org.ar\/web\/wp-json\/wp\/v2\/users\/2"}],"replies":[{"embeddable":true,"href":"http:\/\/atsalaplata.org.ar\/web\/wp-json\/wp\/v2\/comments?post=10287"}],"version-history":[{"count":1,"href":"http:\/\/atsalaplata.org.ar\/web\/wp-json\/wp\/v2\/posts\/10287\/revisions"}],"predecessor-version":[{"id":10294,"href":"http:\/\/atsalaplata.org.ar\/web\/wp-json\/wp\/v2\/posts\/10287\/revisions\/10294"}],"wp:featuredmedia":[{"embeddable":true,"href":"http:\/\/atsalaplata.org.ar\/web\/wp-json\/wp\/v2\/media\/10293"}],"wp:attachment":[{"href":"http:\/\/atsalaplata.org.ar\/web\/wp-json\/wp\/v2\/media?parent=10287"}],"wp:term":[{"taxonomy":"category","embeddable":true,"href":"http:\/\/atsalaplata.org.ar\/web\/wp-json\/wp\/v2\/categories?post=10287"},{"taxonomy":"post_tag","embeddable":true,"href":"http:\/\/atsalaplata.org.ar\/web\/wp-json\/wp\/v2\/tags?post=10287"}],"curies":[{"name":"wp","href":"https:\/\/api.w.org\/{rel}","templated":true}]}}