{"id":10250,"date":"2019-12-12T13:37:02","date_gmt":"2019-12-12T13:37:02","guid":{"rendered":"http:\/\/www.atsalaplata.org.ar\/web\/?p=10250"},"modified":"2019-12-12T13:56:48","modified_gmt":"2019-12-12T13:56:48","slug":"jornada-de-capacitacion-de-delegados-gremiales","status":"publish","type":"post","link":"http:\/\/atsalaplata.org.ar\/web\/2019\/12\/jornada-de-capacitacion-de-delegados-gremiales\/","title":{"rendered":"Jornada de capacitaci\u00f3n de Delegados Gremiales"},"content":{"rendered":"\n<figure class=\"wp-block-embed-youtube wp-block-embed is-type-video is-provider-youtube wp-embed-aspect-16-9 wp-has-aspect-ratio\"><div class=\"wp-block-embed__wrapper\">\n<iframe loading=\"lazy\" title=\"Capacitaci\u00f3n del cuerpo de Delegados gremiales.\" width=\"640\" height=\"360\" src=\"https:\/\/www.youtube.com\/embed\/1Way5K74Ro0?feature=oembed\" frameborder=\"0\" allow=\"accelerometer; autoplay; clipboard-write; encrypted-media; gyroscope; picture-in-picture; web-share\" referrerpolicy=\"strict-origin-when-cross-origin\" allowfullscreen><\/iframe>\n<\/div><\/figure>\n\n\n\n<p>En la ma\u00f1ana de ayer se llev\u00f3 adelante una jornada de <a href=\"https:\/\/www.facebook.com\/hashtag\/capacitaci\u00f3n?source=feed_text&amp;epa=HASHTAG&amp;__xts__%5B0%5D=68.ARC5XXXTUlQ3CX_C8nQryiJcwpnWK0X_ZDGBmdpi7NQwbZP5T7TFQOGKLs0L6LYIb0w6TEBFu3SwjTKBP12o1lAtHHXh3Al4kfyZXgrIvG3tXCtVDH0km-68zqRySZ7QZYCHYlku-ccSOOy9YGv1ZJOjd5QcGKbNaBGgFDtF2CHRsMaBMHkGUH3nMvOsnSVuUo5o78hINKtg0m50JK0HlM_NEjaenUk4jqxEa-fHINnzCuSedFeacoT0QwL1sqDrF5wah4WKJUbommXzpixPipvOKjOxNECNaz9kRe31yjbOfLStwSvoL-QITW7IQlz5fNPbafY5zRc2kBoikzmIB5yrccE81JFuLntMgw&amp;__tn__=%2ANK-R\">#capacitaci\u00f3n<\/a>  para nuestro Cuerpo de Delegados Gremiales. La misma estuvo a cargo de  la facilitadora Claudia Santilli, coaching Ontol\u00f3gico profesional, la  misma tubo como eje la <a href=\"https:\/\/www.facebook.com\/hashtag\/comunicaci\u00f3n?source=feed_text&amp;epa=HASHTAG&amp;__xts__%5B0%5D=68.ARC5XXXTUlQ3CX_C8nQryiJcwpnWK0X_ZDGBmdpi7NQwbZP5T7TFQOGKLs0L6LYIb0w6TEBFu3SwjTKBP12o1lAtHHXh3Al4kfyZXgrIvG3tXCtVDH0km-68zqRySZ7QZYCHYlku-ccSOOy9YGv1ZJOjd5QcGKbNaBGgFDtF2CHRsMaBMHkGUH3nMvOsnSVuUo5o78hINKtg0m50JK0HlM_NEjaenUk4jqxEa-fHINnzCuSedFeacoT0QwL1sqDrF5wah4WKJUbommXzpixPipvOKjOxNECNaz9kRe31yjbOfLStwSvoL-QITW7IQlz5fNPbafY5zRc2kBoikzmIB5yrccE81JFuLntMgw&amp;__tn__=%2ANK-R\">#comunicaci\u00f3n<\/a>.<br>Abri\u00f3 la Jornada el Sec. de Organizaci\u00f3n Jorge Ropat, acompa\u00f1ado por  dem\u00e1s integrantes del Consejo Directivo quienes participaron de la  actividad junto a los delegados. <\/p>\n","protected":false},"excerpt":{"rendered":"<p>En la ma\u00f1ana de ayer se llev\u00f3 adelante una jornada de #capacitaci\u00f3n para nuestro Cuerpo&#8230;<\/p>\n","protected":false},"author":2,"featured_media":0,"comment_status":"closed","ping_status":"closed","sticky":false,"template":"","format":"standard","meta":{"footnotes":""},"categories":[98,84,85],"tags":[],"class_list":["post-10250","post","type-post","status-publish","format-standard","hentry","category-home","category-sec-capacitacion","category-sec-de-prensa"],"_links":{"self":[{"href":"http:\/\/atsalaplata.org.ar\/web\/wp-json\/wp\/v2\/posts\/10250","targetHints":{"allow":["GET"]}}],"collection":[{"href":"http:\/\/atsalaplata.org.ar\/web\/wp-json\/wp\/v2\/posts"}],"about":[{"href":"http:\/\/atsalaplata.org.ar\/web\/wp-json\/wp\/v2\/types\/post"}],"author":[{"embeddable":true,"href":"http:\/\/atsalaplata.org.ar\/web\/wp-json\/wp\/v2\/users\/2"}],"replies":[{"embeddable":true,"href":"http:\/\/atsalaplata.org.ar\/web\/wp-json\/wp\/v2\/comments?post=10250"}],"version-history":[{"count":4,"href":"http:\/\/atsalaplata.org.ar\/web\/wp-json\/wp\/v2\/posts\/10250\/revisions"}],"predecessor-version":[{"id":10264,"href":"http:\/\/atsalaplata.org.ar\/web\/wp-json\/wp\/v2\/posts\/10250\/revisions\/10264"}],"wp:attachment":[{"href":"http:\/\/atsalaplata.org.ar\/web\/wp-json\/wp\/v2\/media?parent=10250"}],"wp:term":[{"taxonomy":"category","embeddable":true,"href":"http:\/\/atsalaplata.org.ar\/web\/wp-json\/wp\/v2\/categories?post=10250"},{"taxonomy":"post_tag","embeddable":true,"href":"http:\/\/atsalaplata.org.ar\/web\/wp-json\/wp\/v2\/tags?post=10250"}],"curies":[{"name":"wp","href":"https:\/\/api.w.org\/{rel}","templated":true}]}}